{"id":4300,"date":"2025-08-26T13:22:14","date_gmt":"2025-08-26T11:22:14","guid":{"rendered":"https:\/\/kutsam.at\/blog\/?p=4300"},"modified":"2025-10-26T13:20:46","modified_gmt":"2025-10-26T12:20:46","slug":"gewinnen-sie-2-karten-fuer-cry-free-konzert-im-lokschuppn-klaus-am-5-9","status":"publish","type":"post","link":"https:\/\/kutsam.at\/blog\/gewinnen-sie-2-karten-fuer-cry-free-konzert-im-lokschuppn-klaus-am-5-9\/","title":{"rendered":"Erinnerungsmoment vom Konzert im Lokschuppn Klaus am 3.10. \u2013 Musik, Gl\u00fcck &amp; ein Treffen mit der S\u00e4ngerin!"},"content":{"rendered":"\n<p><\/p>\n\n\n\n<p>Strahlende Gesichter und gro\u00dfe Freude: Unsere gl\u00fcckliche Gewinnerin freute sich \u00fcber zwei Eintrittskarten f\u00fcr das Konzert im Lokschuppn Klaus \u2013 ein unvergesslicher Abend voller Musik und Emotionen!<\/p>\n\n\n\n<p>Das absolute Highlight: Ein pers\u00f6nliches Treffen mit der S\u00e4ngerin, festgehalten auf einem Erinnerungsfoto.<br>Ein Moment, der zeigt, wie sch\u00f6n es ist, Mode, Musik und Menschen zu verbinden.<\/p>\n\n\n\n<p>Wir bedanken uns f\u00fcrs mitmachen und f\u00fcr das Foto.<\/p>\n\n\n\n<figure class=\"wp-block-gallery has-nested-images columns-default is-cropped wp-block-gallery-1 is-layout-flex wp-block-gallery-is-layout-flex\">\n<figure class=\"wp-block-image size-large\"><img data-dominant-color=\"2f292e\" data-has-transparency=\"false\" style=\"--dominant-color: #2f292e;\" loading=\"lazy\" decoding=\"async\" width=\"577\" height=\"1024\" sizes=\"auto, (max-width: 577px) 100vw, 577px\" data-id=\"5072\" src=\"https:\/\/kutsam.at\/blog\/wp-content\/uploads\/2025\/08\/photo_2025-10-26_13-19-48-1-577x1024.webp\" alt=\"\" class=\"wp-image-5072 not-transparent\" srcset=\"https:\/\/kutsam.at\/blog\/wp-content\/uploads\/2025\/08\/photo_2025-10-26_13-19-48-1-577x1024.webp 577w, https:\/\/kutsam.at\/blog\/wp-content\/uploads\/2025\/08\/photo_2025-10-26_13-19-48-1-169x300.webp 169w, https:\/\/kutsam.at\/blog\/wp-content\/uploads\/2025\/08\/photo_2025-10-26_13-19-48-1.webp 721w\" \/><\/figure>\n<\/figure>\n\n\n\n<!--more-->\n\n\n\n<p><a href=\"http:\/\/www.kutsam.at\/gewinnspiel\">www.kutsam.at\/gewinnspiel<\/a><\/p>\n\n\n\n<p>Gewinnen Sie 2 Karten f\u00fcr VANJA SKY Konzert im Lokschuppn Klaus am 3.10.<\/p>\n\n\n\n<p>Eine gro\u00dfartige Saison braucht einen geb\u00fchrenden Abschluss. Vanja Sky mit Band ist Kroatiens<br>oder doch eher Europas Antwort auf Sheryl Crow und Norah Jones. Vanja Sky, die<br>Senkrechtstarterin der Rock- und Blues-Szene aus Umag\/Kroatien wird am 3. Oktober 2025 den<br>Lokschuppm in die Winterpause rocken.<br>Die Einfl\u00fcsse der Bluestraditionalisten wie Rory Gallagher, Albert King auf Vanja Sky sind<br>unverkennbar. Mit ihren stimmigen Eigenkompositionen gelingt ihr aber auch der wichtige<br>Br\u00fcckenschlag zu einem jugendlichen Publikum. Das Ergebnis, ein scharfer Vintage-Sound, der<br>stark an Joan Jett erinnert. Ihr Album \u201eWoman Named Trouble\u201c wurde vom ROCKS MAGAZIN<br>neben AC\/DC, Deep Purple u.w. zu einem der besten Rockalben 2020 ausgew\u00e4hlt.<\/p>\n\n\n\n<p><\/p>\n\n\n\n<p>3. Oktober. 2025, 20:00 Uhr, Lokschuppm Klaus<br>Kartenreservierung wird empfohlen!<br>VVK in allen Filialen der Raiffeisenbank Region Kirchdorf, auf&nbsp;<a href=\"http:\/\/www.urlaubsregion-pyhrn-priel.at\/\" target=\"_blank\" rel=\"noreferrer noopener\">www.urlaubsregion-pyhrn-priel.at<\/a>&nbsp;und auch auf&nbsp;<a href=\"http:\/\/www.lokschuppm.at\/\" target=\"_blank\" rel=\"noreferrer noopener\">www.lokschuppm.at<\/a><\/p>\n\n\n\n<p><\/p>\n\n\n\n<figure class=\"wp-block-gallery has-nested-images columns-default is-cropped wp-block-gallery-2 is-layout-flex wp-block-gallery-is-layout-flex\">\n<figure class=\"wp-block-image size-large\"><img data-dominant-color=\"435062\" data-has-transparency=\"false\" style=\"--dominant-color: #435062;\" loading=\"lazy\" decoding=\"async\" width=\"726\" height=\"1024\" sizes=\"auto, (max-width: 726px) 100vw, 726px\" data-id=\"4439\" src=\"https:\/\/kutsam.at\/blog\/wp-content\/uploads\/2025\/08\/6-Plakat-Vanja-Sky-1-726x1024.webp\" alt=\"\" class=\"wp-image-4439 not-transparent\" srcset=\"https:\/\/kutsam.at\/blog\/wp-content\/uploads\/2025\/08\/6-Plakat-Vanja-Sky-1-726x1024.webp 726w, https:\/\/kutsam.at\/blog\/wp-content\/uploads\/2025\/08\/6-Plakat-Vanja-Sky-1-213x300.webp 213w, https:\/\/kutsam.at\/blog\/wp-content\/uploads\/2025\/08\/6-Plakat-Vanja-Sky-1-768x1083.webp 768w, https:\/\/kutsam.at\/blog\/wp-content\/uploads\/2025\/08\/6-Plakat-Vanja-Sky-1-1089x1536.webp 1089w, https:\/\/kutsam.at\/blog\/wp-content\/uploads\/2025\/08\/6-Plakat-Vanja-Sky-1.webp 1169w\" \/><\/figure>\n<\/figure>\n\n\n\n<p><\/p>\n\n\n\n<p><\/p>\n","protected":false},"excerpt":{"rendered":"<p>Strahlende Gesichter und gro\u00dfe Freude: Unsere gl\u00fcckliche Gewinnerin freute sich \u00fcber zwei Eintrittskarten f\u00fcr das Konzert im Lokschuppn Klaus \u2013 ein unvergesslicher Abend voller Musik und Emotionen! Das absolute Highlight: Ein pers\u00f6nliches Treffen mit der S\u00e4ngerin, festgehalten auf einem Erinnerungsfoto.Ein Moment, der zeigt, wie sch\u00f6n es ist, Mode, Musik und Menschen zu verbinden. Wir bedanken [&hellip;]<\/p>\n","protected":false},"author":6,"featured_media":5072,"comment_status":"closed","ping_status":"closed","sticky":false,"template":"","format":"standard","meta":{"footnotes":""},"categories":[1],"tags":[],"class_list":["post-4300","post","type-post","status-publish","format-standard","has-post-thumbnail","hentry","category-uncategorized"],"yoast_head":"<!-- This site is optimized with the Yoast SEO plugin v27.5 - https:\/\/yoast.com\/product\/yoast-seo-wordpress\/ -->\n<title>Erinnerungsmoment vom Konzert im Lokschuppn Klaus am 3.10. \u2013 Musik, Gl\u00fcck &amp; ein Treffen mit der S\u00e4ngerin! -<\/title>\n<meta name=\"robots\" content=\"index, follow, max-snippet:-1, max-image-preview:large, max-video-preview:-1\" \/>\n<link rel=\"canonical\" href=\"https:\/\/kutsam.at\/blog\/gewinnen-sie-2-karten-fuer-cry-free-konzert-im-lokschuppn-klaus-am-5-9\/\" \/>\n<meta property=\"og:locale\" content=\"de_DE\" \/>\n<meta property=\"og:type\" content=\"article\" \/>\n<meta property=\"og:title\" content=\"Erinnerungsmoment vom Konzert im Lokschuppn Klaus am 3.10. \u2013 Musik, Gl\u00fcck &amp; ein Treffen mit der S\u00e4ngerin! -\" \/>\n<meta property=\"og:description\" content=\"Strahlende Gesichter und gro\u00dfe Freude: Unsere gl\u00fcckliche Gewinnerin freute sich \u00fcber zwei Eintrittskarten f\u00fcr das Konzert im Lokschuppn Klaus \u2013 ein unvergesslicher Abend voller Musik und Emotionen! Das absolute Highlight: Ein pers\u00f6nliches Treffen mit der S\u00e4ngerin, festgehalten auf einem Erinnerungsfoto.Ein Moment, der zeigt, wie sch\u00f6n es ist, Mode, Musik und Menschen zu verbinden. Wir bedanken [&hellip;]\" \/>\n<meta property=\"og:url\" content=\"https:\/\/kutsam.at\/blog\/gewinnen-sie-2-karten-fuer-cry-free-konzert-im-lokschuppn-klaus-am-5-9\/\" \/>\n<meta property=\"article:publisher\" content=\"https:\/\/www.facebook.com\/kutsam\" \/>\n<meta property=\"article:published_time\" content=\"2025-08-26T11:22:14+00:00\" \/>\n<meta property=\"article:modified_time\" content=\"2025-10-26T12:20:46+00:00\" \/>\n<meta property=\"og:image\" content=\"https:\/\/kutsam.at\/blog\/wp-content\/uploads\/2025\/08\/photo_2025-10-26_13-19-48-1.webp\" \/>\n\t<meta property=\"og:image:width\" content=\"721\" \/>\n\t<meta property=\"og:image:height\" content=\"1280\" \/>\n\t<meta property=\"og:image:type\" content=\"image\/jpeg\" \/>\n<meta name=\"author\" content=\"Gabi Pr\u00fchlinger\" \/>\n<meta name=\"twitter:card\" content=\"summary_large_image\" \/>\n<meta name=\"twitter:label1\" content=\"Verfasst von\" \/>\n\t<meta name=\"twitter:data1\" content=\"Gabi Pr\u00fchlinger\" \/>\n\t<meta name=\"twitter:label2\" content=\"Gesch\u00e4tzte Lesezeit\" \/>\n\t<meta name=\"twitter:data2\" content=\"1\u00a0Minute\" \/>\n<!-- \/ Yoast SEO plugin. -->","yoast_head_json":{"title":"Erinnerungsmoment vom Konzert im Lokschuppn Klaus am 3.10. \u2013 Musik, Gl\u00fcck &amp; ein Treffen mit der S\u00e4ngerin! -","robots":{"index":"index","follow":"follow","max-snippet":"max-snippet:-1","max-image-preview":"max-image-preview:large","max-video-preview":"max-video-preview:-1"},"canonical":"https:\/\/kutsam.at\/blog\/gewinnen-sie-2-karten-fuer-cry-free-konzert-im-lokschuppn-klaus-am-5-9\/","og_locale":"de_DE","og_type":"article","og_title":"Erinnerungsmoment vom Konzert im Lokschuppn Klaus am 3.10. \u2013 Musik, Gl\u00fcck &amp; ein Treffen mit der S\u00e4ngerin! -","og_description":"Strahlende Gesichter und gro\u00dfe Freude: Unsere gl\u00fcckliche Gewinnerin freute sich \u00fcber zwei Eintrittskarten f\u00fcr das Konzert im Lokschuppn Klaus \u2013 ein unvergesslicher Abend voller Musik und Emotionen! Das absolute Highlight: Ein pers\u00f6nliches Treffen mit der S\u00e4ngerin, festgehalten auf einem Erinnerungsfoto.Ein Moment, der zeigt, wie sch\u00f6n es ist, Mode, Musik und Menschen zu verbinden. Wir bedanken [&hellip;]","og_url":"https:\/\/kutsam.at\/blog\/gewinnen-sie-2-karten-fuer-cry-free-konzert-im-lokschuppn-klaus-am-5-9\/","article_publisher":"https:\/\/www.facebook.com\/kutsam","article_published_time":"2025-08-26T11:22:14+00:00","article_modified_time":"2025-10-26T12:20:46+00:00","og_image":[{"width":721,"height":1280,"url":"https:\/\/kutsam.at\/blog\/wp-content\/uploads\/2025\/08\/photo_2025-10-26_13-19-48-1.webp","type":"image\/jpeg"}],"author":"Gabi Pr\u00fchlinger","twitter_card":"summary_large_image","twitter_misc":{"Verfasst von":"Gabi Pr\u00fchlinger","Gesch\u00e4tzte Lesezeit":"1\u00a0Minute"},"schema":{"@context":"https:\/\/schema.org","@graph":[{"@type":"Article","@id":"https:\/\/kutsam.at\/blog\/gewinnen-sie-2-karten-fuer-cry-free-konzert-im-lokschuppn-klaus-am-5-9\/#article","isPartOf":{"@id":"https:\/\/kutsam.at\/blog\/gewinnen-sie-2-karten-fuer-cry-free-konzert-im-lokschuppn-klaus-am-5-9\/"},"author":{"name":"Gabi Pr\u00fchlinger","@id":"https:\/\/kutsam.at\/blog\/#\/schema\/person\/1c38a2ad59bb3bc868fff849c21bcc6d"},"headline":"Erinnerungsmoment vom Konzert im Lokschuppn Klaus am 3.10. \u2013 Musik, Gl\u00fcck &amp; ein Treffen mit der S\u00e4ngerin!","datePublished":"2025-08-26T11:22:14+00:00","dateModified":"2025-10-26T12:20:46+00:00","mainEntityOfPage":{"@id":"https:\/\/kutsam.at\/blog\/gewinnen-sie-2-karten-fuer-cry-free-konzert-im-lokschuppn-klaus-am-5-9\/"},"wordCount":234,"publisher":{"@id":"https:\/\/kutsam.at\/blog\/#organization"},"image":{"@id":"https:\/\/kutsam.at\/blog\/gewinnen-sie-2-karten-fuer-cry-free-konzert-im-lokschuppn-klaus-am-5-9\/#primaryimage"},"thumbnailUrl":"https:\/\/kutsam.at\/blog\/wp-content\/uploads\/2025\/08\/photo_2025-10-26_13-19-48-1.webp","articleSection":["Uncategorized"],"inLanguage":"de"},{"@type":"WebPage","@id":"https:\/\/kutsam.at\/blog\/gewinnen-sie-2-karten-fuer-cry-free-konzert-im-lokschuppn-klaus-am-5-9\/","url":"https:\/\/kutsam.at\/blog\/gewinnen-sie-2-karten-fuer-cry-free-konzert-im-lokschuppn-klaus-am-5-9\/","name":"Erinnerungsmoment vom Konzert im Lokschuppn Klaus am 3.10. \u2013 Musik, Gl\u00fcck &amp; ein Treffen mit der S\u00e4ngerin! -","isPartOf":{"@id":"https:\/\/kutsam.at\/blog\/#website"},"primaryImageOfPage":{"@id":"https:\/\/kutsam.at\/blog\/gewinnen-sie-2-karten-fuer-cry-free-konzert-im-lokschuppn-klaus-am-5-9\/#primaryimage"},"image":{"@id":"https:\/\/kutsam.at\/blog\/gewinnen-sie-2-karten-fuer-cry-free-konzert-im-lokschuppn-klaus-am-5-9\/#primaryimage"},"thumbnailUrl":"https:\/\/kutsam.at\/blog\/wp-content\/uploads\/2025\/08\/photo_2025-10-26_13-19-48-1.webp","datePublished":"2025-08-26T11:22:14+00:00","dateModified":"2025-10-26T12:20:46+00:00","breadcrumb":{"@id":"https:\/\/kutsam.at\/blog\/gewinnen-sie-2-karten-fuer-cry-free-konzert-im-lokschuppn-klaus-am-5-9\/#breadcrumb"},"inLanguage":"de","potentialAction":[{"@type":"ReadAction","target":["https:\/\/kutsam.at\/blog\/gewinnen-sie-2-karten-fuer-cry-free-konzert-im-lokschuppn-klaus-am-5-9\/"]}]},{"@type":"ImageObject","inLanguage":"de","@id":"https:\/\/kutsam.at\/blog\/gewinnen-sie-2-karten-fuer-cry-free-konzert-im-lokschuppn-klaus-am-5-9\/#primaryimage","url":"https:\/\/kutsam.at\/blog\/wp-content\/uploads\/2025\/08\/photo_2025-10-26_13-19-48-1.webp","contentUrl":"https:\/\/kutsam.at\/blog\/wp-content\/uploads\/2025\/08\/photo_2025-10-26_13-19-48-1.webp","width":721,"height":1280},{"@type":"BreadcrumbList","@id":"https:\/\/kutsam.at\/blog\/gewinnen-sie-2-karten-fuer-cry-free-konzert-im-lokschuppn-klaus-am-5-9\/#breadcrumb","itemListElement":[{"@type":"ListItem","position":1,"name":"Startseite","item":"https:\/\/kutsam.at\/blog\/"},{"@type":"ListItem","position":2,"name":"Erinnerungsmoment vom Konzert im Lokschuppn Klaus am 3.10. \u2013 Musik, Gl\u00fcck &amp; ein Treffen mit der S\u00e4ngerin!"}]},{"@type":"WebSite","@id":"https:\/\/kutsam.at\/blog\/#website","url":"https:\/\/kutsam.at\/blog\/","name":"www.kutsam.at","description":"","publisher":{"@id":"https:\/\/kutsam.at\/blog\/#organization"},"potentialAction":[{"@type":"SearchAction","target":{"@type":"EntryPoint","urlTemplate":"https:\/\/kutsam.at\/blog\/?s={search_term_string}"},"query-input":{"@type":"PropertyValueSpecification","valueRequired":true,"valueName":"search_term_string"}}],"inLanguage":"de"},{"@type":"Organization","@id":"https:\/\/kutsam.at\/blog\/#organization","name":"Modehaus Kutsam","url":"https:\/\/kutsam.at\/blog\/","logo":{"@type":"ImageObject","inLanguage":"de","@id":"https:\/\/kutsam.at\/blog\/#\/schema\/logo\/image\/","url":"https:\/\/kutsam.at\/blog\/wp-content\/uploads\/2025\/06\/Kutsam_Hauptlogo_positiv.jpg","contentUrl":"https:\/\/kutsam.at\/blog\/wp-content\/uploads\/2025\/06\/Kutsam_Hauptlogo_positiv.jpg","width":1,"height":1,"caption":"Modehaus Kutsam"},"image":{"@id":"https:\/\/kutsam.at\/blog\/#\/schema\/logo\/image\/"},"sameAs":["https:\/\/www.facebook.com\/kutsam","https:\/\/www.instagram.com\/modehaus_kutsam\/","https:\/\/www.linkedin.com\/company\/6187905","https:\/\/www.youtube.com\/channel\/UCpu3uHhA4NnoTi6PsIr0z1Q"]},{"@type":"Person","@id":"https:\/\/kutsam.at\/blog\/#\/schema\/person\/1c38a2ad59bb3bc868fff849c21bcc6d","name":"Gabi Pr\u00fchlinger","url":"https:\/\/kutsam.at\/blog\/author\/gpkutsam-org\/"}]}},"publishpress_future_action":{"enabled":false,"date":"2026-05-08 22:14:28","action":"change-status","newStatus":"draft","terms":[],"taxonomy":"category","extraData":[]},"publishpress_future_workflow_manual_trigger":{"enabledWorkflows":[]},"_links":{"self":[{"href":"https:\/\/kutsam.at\/blog\/wp-json\/wp\/v2\/posts\/4300","targetHints":{"allow":["GET"]}}],"collection":[{"href":"https:\/\/kutsam.at\/blog\/wp-json\/wp\/v2\/posts"}],"about":[{"href":"https:\/\/kutsam.at\/blog\/wp-json\/wp\/v2\/types\/post"}],"author":[{"embeddable":true,"href":"https:\/\/kutsam.at\/blog\/wp-json\/wp\/v2\/users\/6"}],"replies":[{"embeddable":true,"href":"https:\/\/kutsam.at\/blog\/wp-json\/wp\/v2\/comments?post=4300"}],"version-history":[{"count":6,"href":"https:\/\/kutsam.at\/blog\/wp-json\/wp\/v2\/posts\/4300\/revisions"}],"predecessor-version":[{"id":5073,"href":"https:\/\/kutsam.at\/blog\/wp-json\/wp\/v2\/posts\/4300\/revisions\/5073"}],"wp:featuredmedia":[{"embeddable":true,"href":"https:\/\/kutsam.at\/blog\/wp-json\/wp\/v2\/media\/5072"}],"wp:attachment":[{"href":"https:\/\/kutsam.at\/blog\/wp-json\/wp\/v2\/media?parent=4300"}],"wp:term":[{"taxonomy":"category","embeddable":true,"href":"https:\/\/kutsam.at\/blog\/wp-json\/wp\/v2\/categories?post=4300"},{"taxonomy":"post_tag","embeddable":true,"href":"https:\/\/kutsam.at\/blog\/wp-json\/wp\/v2\/tags?post=4300"}],"curies":[{"name":"wp","href":"https:\/\/api.w.org\/{rel}","templated":true}]}}