{"id":4199,"date":"2025-07-25T15:18:36","date_gmt":"2025-07-25T13:18:36","guid":{"rendered":"https:\/\/kutsam.at\/blog\/?p=4199"},"modified":"2025-10-13T20:49:32","modified_gmt":"2025-10-13T18:49:32","slug":"oeffnungszeiten","status":"publish","type":"post","link":"https:\/\/kutsam.at\/blog\/oeffnungszeiten\/","title":{"rendered":"\u00d6ffnungszeiten"},"content":{"rendered":"\n<h2 class=\"wp-block-heading\"><\/h2>\n\n\n\n<p>&#x1f4c5; <strong>Unsere regul\u00e4ren \u00d6ffnungszeiten<\/strong> in Kirchdorf:<br>Montag \u2013 Freitag: 09:00 \u2013 18:00 Uhr<br>Samstag: 09:00 \u2013 16:00 Uhr<\/p>\n\n\n\n<p>&#x1f4c5; <strong>Unsere regul\u00e4ren \u00d6ffnungszeiten<\/strong> in Schwertberg und Sierning:<br>Montag \u2013 Freitag: 09:00 \u2013 12:00 \/ 14:00 &#8211; 18:00 Uhr<br>Samstag: 09:00 \u2013 17:00 Uhr<\/p>\n\n\n\n<p>&#x1f4c5; <strong>Unsere regul\u00e4ren \u00d6ffnungszeiten<\/strong> in Bad Hall und Sierning:<br>Montag \u2013 Freitag: 09:00 &#8211; 18:00 Uhr<br>Samstag: 09:00 \u2013 17:00 Uhr<\/p>\n\n\n\n<p>F\u00fcr eine Beratung au\u00dferhalb der \u00d6ffnungszeiten wenden Sie sich bitte per mail an <a href=\"mailto:kundenservice@kutsam.at\">kundenservice@kutsam.at<\/a> oder telefonisch an <a href=\"tel:+4372587501\">+4372587501<\/a><\/p>\n\n\n\n<p>Einen Beratungstermin mit Ihrer Lieblingsberaterin k\u00f6nnen Sie \u00fcber die Kutsam Kundenclub App (Mehr -> Termin buchen)  oder \u00fcber <a href=\"https:\/\/kutsam.at\/termin\">kutsam.at\/termin<\/a> buchen.<\/p>\n\n\n\n<p>Kommen Sie vorbei, st\u00f6bern Sie in den neuen Herbsttrends und lassen Sie sich inspirieren!<\/p>\n\n\n\n<p><\/p>\n","protected":false},"excerpt":{"rendered":"<p>&#x1f4c5; Unsere regul\u00e4ren \u00d6ffnungszeiten in Kirchdorf:Montag \u2013 Freitag: 09:00 \u2013 18:00 UhrSamstag: 09:00 \u2013 16:00 Uhr &#x1f4c5; Unsere regul\u00e4ren \u00d6ffnungszeiten in Schwertberg und Sierning:Montag \u2013 Freitag: 09:00 \u2013 12:00 \/ 14:00 &#8211; 18:00 UhrSamstag: 09:00 \u2013 17:00 Uhr &#x1f4c5; Unsere regul\u00e4ren \u00d6ffnungszeiten in Bad Hall und Sierning:Montag \u2013 Freitag: 09:00 &#8211; 18:00 UhrSamstag: 09:00 \u2013 [&hellip;]<\/p>\n","protected":false},"author":6,"featured_media":0,"comment_status":"closed","ping_status":"closed","sticky":false,"template":"","format":"standard","meta":{"footnotes":""},"categories":[1],"tags":[],"class_list":["post-4199","post","type-post","status-publish","format-standard","hentry","category-uncategorized"],"yoast_head":"<!-- This site is optimized with the Yoast SEO plugin v27.5 - https:\/\/yoast.com\/product\/yoast-seo-wordpress\/ -->\n<title>\u00d6ffnungszeiten -<\/title>\n<meta name=\"robots\" content=\"index, follow, max-snippet:-1, max-image-preview:large, max-video-preview:-1\" \/>\n<link rel=\"canonical\" href=\"https:\/\/kutsam.at\/blog\/oeffnungszeiten\/\" \/>\n<meta property=\"og:locale\" content=\"de_DE\" \/>\n<meta property=\"og:type\" content=\"article\" \/>\n<meta property=\"og:title\" content=\"\u00d6ffnungszeiten -\" \/>\n<meta property=\"og:description\" content=\"&#x1f4c5; Unsere regul\u00e4ren \u00d6ffnungszeiten in Kirchdorf:Montag \u2013 Freitag: 09:00 \u2013 18:00 UhrSamstag: 09:00 \u2013 16:00 Uhr &#x1f4c5; Unsere regul\u00e4ren \u00d6ffnungszeiten in Schwertberg und Sierning:Montag \u2013 Freitag: 09:00 \u2013 12:00 \/ 14:00 &#8211; 18:00 UhrSamstag: 09:00 \u2013 17:00 Uhr &#x1f4c5; Unsere regul\u00e4ren \u00d6ffnungszeiten in Bad Hall und Sierning:Montag \u2013 Freitag: 09:00 &#8211; 18:00 UhrSamstag: 09:00 \u2013 [&hellip;]\" \/>\n<meta property=\"og:url\" content=\"https:\/\/kutsam.at\/blog\/oeffnungszeiten\/\" \/>\n<meta property=\"article:publisher\" content=\"https:\/\/www.facebook.com\/kutsam\" \/>\n<meta property=\"article:published_time\" content=\"2025-07-25T13:18:36+00:00\" \/>\n<meta property=\"article:modified_time\" content=\"2025-10-13T18:49:32+00:00\" \/>\n<meta name=\"author\" content=\"Gabi Pr\u00fchlinger\" \/>\n<meta name=\"twitter:card\" content=\"summary_large_image\" \/>\n<meta name=\"twitter:label1\" content=\"Verfasst von\" \/>\n\t<meta name=\"twitter:data1\" content=\"Gabi Pr\u00fchlinger\" \/>\n\t<meta name=\"twitter:label2\" content=\"Gesch\u00e4tzte Lesezeit\" \/>\n\t<meta name=\"twitter:data2\" content=\"1\u00a0Minute\" \/>\n<!-- \/ Yoast SEO plugin. -->","yoast_head_json":{"title":"\u00d6ffnungszeiten -","robots":{"index":"index","follow":"follow","max-snippet":"max-snippet:-1","max-image-preview":"max-image-preview:large","max-video-preview":"max-video-preview:-1"},"canonical":"https:\/\/kutsam.at\/blog\/oeffnungszeiten\/","og_locale":"de_DE","og_type":"article","og_title":"\u00d6ffnungszeiten -","og_description":"&#x1f4c5; Unsere regul\u00e4ren \u00d6ffnungszeiten in Kirchdorf:Montag \u2013 Freitag: 09:00 \u2013 18:00 UhrSamstag: 09:00 \u2013 16:00 Uhr &#x1f4c5; Unsere regul\u00e4ren \u00d6ffnungszeiten in Schwertberg und Sierning:Montag \u2013 Freitag: 09:00 \u2013 12:00 \/ 14:00 &#8211; 18:00 UhrSamstag: 09:00 \u2013 17:00 Uhr &#x1f4c5; Unsere regul\u00e4ren \u00d6ffnungszeiten in Bad Hall und Sierning:Montag \u2013 Freitag: 09:00 &#8211; 18:00 UhrSamstag: 09:00 \u2013 [&hellip;]","og_url":"https:\/\/kutsam.at\/blog\/oeffnungszeiten\/","article_publisher":"https:\/\/www.facebook.com\/kutsam","article_published_time":"2025-07-25T13:18:36+00:00","article_modified_time":"2025-10-13T18:49:32+00:00","author":"Gabi Pr\u00fchlinger","twitter_card":"summary_large_image","twitter_misc":{"Verfasst von":"Gabi Pr\u00fchlinger","Gesch\u00e4tzte Lesezeit":"1\u00a0Minute"},"schema":{"@context":"https:\/\/schema.org","@graph":[{"@type":"Article","@id":"https:\/\/kutsam.at\/blog\/oeffnungszeiten\/#article","isPartOf":{"@id":"https:\/\/kutsam.at\/blog\/oeffnungszeiten\/"},"author":{"name":"Gabi Pr\u00fchlinger","@id":"https:\/\/kutsam.at\/blog\/#\/schema\/person\/1c38a2ad59bb3bc868fff849c21bcc6d"},"headline":"\u00d6ffnungszeiten","datePublished":"2025-07-25T13:18:36+00:00","dateModified":"2025-10-13T18:49:32+00:00","mainEntityOfPage":{"@id":"https:\/\/kutsam.at\/blog\/oeffnungszeiten\/"},"wordCount":106,"publisher":{"@id":"https:\/\/kutsam.at\/blog\/#organization"},"articleSection":["Uncategorized"],"inLanguage":"de"},{"@type":"WebPage","@id":"https:\/\/kutsam.at\/blog\/oeffnungszeiten\/","url":"https:\/\/kutsam.at\/blog\/oeffnungszeiten\/","name":"\u00d6ffnungszeiten -","isPartOf":{"@id":"https:\/\/kutsam.at\/blog\/#website"},"datePublished":"2025-07-25T13:18:36+00:00","dateModified":"2025-10-13T18:49:32+00:00","breadcrumb":{"@id":"https:\/\/kutsam.at\/blog\/oeffnungszeiten\/#breadcrumb"},"inLanguage":"de","potentialAction":[{"@type":"ReadAction","target":["https:\/\/kutsam.at\/blog\/oeffnungszeiten\/"]}]},{"@type":"BreadcrumbList","@id":"https:\/\/kutsam.at\/blog\/oeffnungszeiten\/#breadcrumb","itemListElement":[{"@type":"ListItem","position":1,"name":"Startseite","item":"https:\/\/kutsam.at\/blog\/"},{"@type":"ListItem","position":2,"name":"\u00d6ffnungszeiten"}]},{"@type":"WebSite","@id":"https:\/\/kutsam.at\/blog\/#website","url":"https:\/\/kutsam.at\/blog\/","name":"www.kutsam.at","description":"","publisher":{"@id":"https:\/\/kutsam.at\/blog\/#organization"},"potentialAction":[{"@type":"SearchAction","target":{"@type":"EntryPoint","urlTemplate":"https:\/\/kutsam.at\/blog\/?s={search_term_string}"},"query-input":{"@type":"PropertyValueSpecification","valueRequired":true,"valueName":"search_term_string"}}],"inLanguage":"de"},{"@type":"Organization","@id":"https:\/\/kutsam.at\/blog\/#organization","name":"Modehaus Kutsam","url":"https:\/\/kutsam.at\/blog\/","logo":{"@type":"ImageObject","inLanguage":"de","@id":"https:\/\/kutsam.at\/blog\/#\/schema\/logo\/image\/","url":"https:\/\/kutsam.at\/blog\/wp-content\/uploads\/2025\/06\/Kutsam_Hauptlogo_positiv.jpg","contentUrl":"https:\/\/kutsam.at\/blog\/wp-content\/uploads\/2025\/06\/Kutsam_Hauptlogo_positiv.jpg","width":1,"height":1,"caption":"Modehaus Kutsam"},"image":{"@id":"https:\/\/kutsam.at\/blog\/#\/schema\/logo\/image\/"},"sameAs":["https:\/\/www.facebook.com\/kutsam","https:\/\/www.instagram.com\/modehaus_kutsam\/","https:\/\/www.linkedin.com\/company\/6187905","https:\/\/www.youtube.com\/channel\/UCpu3uHhA4NnoTi6PsIr0z1Q"]},{"@type":"Person","@id":"https:\/\/kutsam.at\/blog\/#\/schema\/person\/1c38a2ad59bb3bc868fff849c21bcc6d","name":"Gabi Pr\u00fchlinger","url":"https:\/\/kutsam.at\/blog\/author\/gpkutsam-org\/"}]}},"publishpress_future_action":{"enabled":false,"date":"2026-05-08 10:40:07","action":"change-status","newStatus":"draft","terms":[],"taxonomy":"category","extraData":[]},"publishpress_future_workflow_manual_trigger":{"enabledWorkflows":[]},"_links":{"self":[{"href":"https:\/\/kutsam.at\/blog\/wp-json\/wp\/v2\/posts\/4199","targetHints":{"allow":["GET"]}}],"collection":[{"href":"https:\/\/kutsam.at\/blog\/wp-json\/wp\/v2\/posts"}],"about":[{"href":"https:\/\/kutsam.at\/blog\/wp-json\/wp\/v2\/types\/post"}],"author":[{"embeddable":true,"href":"https:\/\/kutsam.at\/blog\/wp-json\/wp\/v2\/users\/6"}],"replies":[{"embeddable":true,"href":"https:\/\/kutsam.at\/blog\/wp-json\/wp\/v2\/comments?post=4199"}],"version-history":[{"count":6,"href":"https:\/\/kutsam.at\/blog\/wp-json\/wp\/v2\/posts\/4199\/revisions"}],"predecessor-version":[{"id":4599,"href":"https:\/\/kutsam.at\/blog\/wp-json\/wp\/v2\/posts\/4199\/revisions\/4599"}],"wp:attachment":[{"href":"https:\/\/kutsam.at\/blog\/wp-json\/wp\/v2\/media?parent=4199"}],"wp:term":[{"taxonomy":"category","embeddable":true,"href":"https:\/\/kutsam.at\/blog\/wp-json\/wp\/v2\/categories?post=4199"},{"taxonomy":"post_tag","embeddable":true,"href":"https:\/\/kutsam.at\/blog\/wp-json\/wp\/v2\/tags?post=4199"}],"curies":[{"name":"wp","href":"https:\/\/api.w.org\/{rel}","templated":true}]}}